[{"@context":"https:\/\/schema.org\/","@type":"Article","@id":"https:\/\/www.15zzb.cz\/kde-vsude-se-musi-nahlasit-zmena-adresy-sidla-spolecnosti\/#Article","mainEntityOfPage":"https:\/\/www.15zzb.cz\/kde-vsude-se-musi-nahlasit-zmena-adresy-sidla-spolecnosti\/","headline":"Kde v\u0161ude se mus\u00ed nahl\u00e1sit zm\u011bna adresy s\u00eddla spole\u010dnosti","name":"Kde v\u0161ude se mus\u00ed nahl\u00e1sit zm\u011bna adresy s\u00eddla spole\u010dnosti","description":"A\u010d se to ned\u011bje p\u0159\u00edli\u0161 \u010dasto, je faktem, \u017ee i firmy ob\u010das mus\u00ed sv\u00e9 s\u00eddlo p\u0159esunout. M\u016f\u017ee k tomu b\u00fdt spousta d\u016fvod\u016f. Nap\u0159\u00edklad n\u00e1jemce dan\u00e9 firm\u011b vypov\u00ed smlouvu, nebo se zkr\u00e1tka najde lep\u0161\u00ed lokalita. A\u0165 u\u017e je d\u016fvod jak\u00fdkoliv, je jasn\u00e9, \u017ee to sebou p\u0159inese pom\u011brn\u011b velk\u00e9 mno\u017estv\u00ed starost\u00ed. Je zde samoz\u0159ejm\u011b organizov\u00e1n\u00ed p\u0159esunu, tedy [&hellip;]","datePublished":"2020-08-14","dateModified":"2023-05-06","author":{"@type":"Person","@id":"https:\/\/www.15zzb.cz\/author\/#Person","name":"","url":"https:\/\/www.15zzb.cz\/author\/","identifier":1,"image":{"@type":"ImageObject","@id":"https:\/\/secure.gravatar.com\/avatar\/f7320ca526354d2794ceb75173050bfa147af8617816df401a16569341b5fbaf?s=96&d=mm&r=g","url":"https:\/\/secure.gravatar.com\/avatar\/f7320ca526354d2794ceb75173050bfa147af8617816df401a16569341b5fbaf?s=96&d=mm&r=g","height":96,"width":96}},"publisher":{"@type":"Organization","name":"15zzb.cz","logo":{"@type":"ImageObject","@id":"\/logo.png","url":"\/logo.png","width":600,"height":60}},"image":{"@type":"ImageObject","@id":"https:\/\/www.15zzb.cz\/wp-content\/uploads\/sidlo1_1.jpg","url":"https:\/\/www.15zzb.cz\/wp-content\/uploads\/sidlo1_1.jpg","height":0,"width":0},"url":"https:\/\/www.15zzb.cz\/kde-vsude-se-musi-nahlasit-zmena-adresy-sidla-spolecnosti\/","about":["Business"],"wordCount":439,"articleBody":"     A\u010d se to ned\u011bje p\u0159\u00edli\u0161 \u010dasto, je faktem, \u017ee i firmy ob\u010das mus\u00ed sv\u00e9 s\u00eddlo p\u0159esunout. M\u016f\u017ee k tomu b\u00fdt spousta d\u016fvod\u016f. Nap\u0159\u00edklad n\u00e1jemce dan\u00e9 firm\u011b vypov\u00ed smlouvu, nebo se zkr\u00e1tka najde lep\u0161\u00ed lokalita. A\u0165 u\u017e je d\u016fvod jak\u00fdkoliv, je jasn\u00e9, \u017ee to sebou p\u0159inese pom\u011brn\u011b velk\u00e9 mno\u017estv\u00ed starost\u00ed.Je zde samoz\u0159ejm\u011b organizov\u00e1n\u00ed p\u0159esunu, tedy odvozu n\u00e1bytku a jin\u00fdch materi\u00e1l\u016f, zvl\u00e1\u0161\u0165 pokud jsou mezi nimi citliv\u00e9 dokumenty, kter\u00e9 obsahuj\u00ed nap\u0159\u00edklad osobn\u00ed \u00fadaje klient\u016f. Je pot\u0159eba zajistit jejich p\u0159esun tak, aby se s nimi nemohlo nic st\u00e1t a aby nemohly b\u00fdt d\u00e1ny do rukou neopr\u00e1vn\u011bn\u00e9 osoby. To plat\u00ed zvl\u00e1\u0161t\u011b od schv\u00e1len\u00ed nov\u00e9ho GDPR.Pak tu m\u00e1me samotnou ot\u00e1zku administrativy. Samotn\u00e1 zm\u011bna s\u00eddla spole\u010dnosti Virtu\u00e1ln\u00ed kancel\u00e1\u0159 Ostrava se toti\u017e mus\u00ed hl\u00e1sit na pom\u011brn\u011b velk\u00e9m mno\u017estv\u00ed m\u00edst, a opomenout nelze ani jedno. Kter\u00e1 to jsou?V prvn\u00ed \u0159ad\u011b jsou to p\u0159\u00edslu\u0161n\u00e9 \u00fa\u0159ady, jako je nap\u0159\u00edklad finan\u010dn\u00ed. Ty mus\u00ed m\u00edt v\u017edy aktu\u00e1ln\u00ed adresu, aby mohli pos\u00edlat v p\u0159\u00edpad\u011b pot\u0159eby dopisy.Pak je tak\u00e9 pot\u0159eba tuto zm\u011bnu zan\u00e9st do obchodn\u00edho rejst\u0159\u00edku, a to z toho sam\u00e9ho d\u016fvodu. Nav\u00edc je ze z\u00e1kona dan\u00e9, \u017ee zde mus\u00ed b\u00fdt zaps\u00e1no aktu\u00e1ln\u00ed s\u00eddlo spole\u010dnosti. Je tedy nutn\u00e9 to vy\u0159\u00eddit s dostate\u010dn\u00fdm p\u0159edstihem, aby se v\u0161e stihlo zapsat a zm\u011bna vej\u00edt v platnost.D\u00e1le tu m\u00e1me poskytovatele telefonn\u00edch a internetov\u00fdch slu\u017eeb. Ti mus\u00ed tak\u00e9 v\u011bd\u011bt, \u017ee budou p\u016fsobit na nov\u00e9 adrese. Je tak\u00e9 dobr\u00e9 si ov\u011b\u0159it, zda maj\u00ed na nov\u00e9m m\u00edst\u011b alespo\u0148 stejnou s\u00edlu a kvalitu sign\u00e1lu, jako m\u011bly na tom star\u00e9m.Je tak\u00e9 pot\u0159eba p\u0159ehl\u00e1sit vodu, plyn a elekt\u0159inu, respektive jejich odb\u011brn\u00e1 m\u00edsta. Pokud budete br\u00e1t z jin\u00e9ho zdroje, mus\u00ed o tom tito dodavatel\u00e9 v\u011bd\u011bt, aby v\u00e1m mohli spr\u00e1vn\u011b \u00fa\u010dtovat va\u0161i spot\u0159ebu. Nav\u00edc, pokud se do prostor po v\u00e1s nast\u011bhuje n\u011bkdo jin\u00fd, mohlo by to v\u00e9st ke zmatk\u016fm.No a v neposledn\u00ed \u0159ad\u011b je tak\u00e9 nutn\u00e1 zm\u011bna na internetov\u00fdch str\u00e1nk\u00e1ch firmy. P\u0159eci jen, i z\u00e1kazn\u00edci maj\u00ed pr\u00e1vo v\u011bd\u011bt, kde aktu\u00e1ln\u011b s\u00eddl\u00edte, nebo ne?                                                                                                                                                                                                                                                                                                                                                                                          4.7\/5 - (13 votes)        "},{"@context":"https:\/\/schema.org\/","@type":"BreadcrumbList","itemListElement":[{"@type":"ListItem","position":1,"name":"Kde v\u0161ude se mus\u00ed nahl\u00e1sit zm\u011bna adresy s\u00eddla spole\u010dnosti","item":"https:\/\/www.15zzb.cz\/kde-vsude-se-musi-nahlasit-zmena-adresy-sidla-spolecnosti\/#breadcrumbitem"}]}]